{"id":1723,"date":"2022-01-28T14:23:18","date_gmt":"2022-01-28T14:23:18","guid":{"rendered":"https:\/\/pdnikolatesla.org\/home\/?p=1723"},"modified":"2022-01-28T14:25:52","modified_gmt":"2022-01-28T14:25:52","slug":"svetonedeljski-breg-23-01-2022-3-drustveni-izlet","status":"publish","type":"post","link":"https:\/\/pdnikolatesla.org\/home\/2022\/01\/28\/svetonedeljski-breg-23-01-2022-3-drustveni-izlet\/","title":{"rendered":"SVETONEDELJSKI BREG, 23.01.2022. \/ 3. DRU\u0160TVENI IZLET"},"content":{"rendered":"<p>Odhodana je kru\u017ena staza po Svetonedeljskom Bregu, s po\u010detkom i zavr\u0161etkom petosatnog hodanja u Svetoj Nedelji. Odli\u010dno ozna\u010dena staza omogu\u0107ila nam je ugodnu hodnju uz puno dru\u017eenja i zabave bez obzira na prohladno i obla\u010dno vrijeme. \u010cestitke planinarima PD &#8220;Pinklec&#8221; iz Svete Nedelje na odr\u017eavanju staze. Obi\u0161li smo crkvu Svete Magdalene, Stublov zdenac i Molvi\u010dku \u0161umu.<\/p>\n<!-- default-view.php -->\n<div\n\tclass=\"ngg-galleryoverview default-view \"\n\tid=\"ngg-gallery-02f0d425ec5860cddb5d71d678cd2c92-1\">\n\n\t\t<!-- Thumbnails -->\n\t\t\t\t<div id=\"ngg-image-0\" class=\"ngg-gallery-thumbnail-box \" >\n\t\t\t\t        <div class=\"ngg-gallery-thumbnail\">\n            <a href=\"https:\/\/pdnikolatesla.org\/home\/wp-content\/gallery\/svetonedeljski-bregi-23-1-2022\/SvNedelja1.jpg\"\n               title=\"\"\n               data-src=\"https:\/\/pdnikolatesla.org\/home\/wp-content\/gallery\/svetonedeljski-bregi-23-1-2022\/SvNedelja1.jpg\"\n               data-thumbnail=\"https:\/\/pdnikolatesla.org\/home\/wp-content\/gallery\/svetonedeljski-bregi-23-1-2022\/thumbs\/thumbs_SvNedelja1.jpg\"\n               data-image-id=\"832\"\n               data-title=\"SvNedelja1\"\n               data-description=\"\"\n               data-image-slug=\"svnedelja1\"\n               class=\"ngg-simplelightbox\" rel=\"02f0d425ec5860cddb5d71d678cd2c92\">\n                <img\n                    title=\"SvNedelja1\"\n                    alt=\"SvNedelja1\"\n                    src=\"https:\/\/pdnikolatesla.org\/home\/wp-content\/gallery\/svetonedeljski-bregi-23-1-2022\/thumbs\/thumbs_SvNedelja1.jpg\"\n                    width=\"240\"\n                    height=\"160\"\n                    style=\"max-width:100%;\"\n                \/>\n            <\/a>\n        <\/div>\n\t\t\t\t\t\t\t<\/div> \n\t\t\t\n\t\t\t\t<div id=\"ngg-image-1\" class=\"ngg-gallery-thumbnail-box \" >\n\t\t\t\t        <div class=\"ngg-gallery-thumbnail\">\n            <a href=\"https:\/\/pdnikolatesla.org\/home\/wp-content\/gallery\/svetonedeljski-bregi-23-1-2022\/SvNedelja2.jpg\"\n               title=\"\"\n               data-src=\"https:\/\/pdnikolatesla.org\/home\/wp-content\/gallery\/svetonedeljski-bregi-23-1-2022\/SvNedelja2.jpg\"\n               data-thumbnail=\"https:\/\/pdnikolatesla.org\/home\/wp-content\/gallery\/svetonedeljski-bregi-23-1-2022\/thumbs\/thumbs_SvNedelja2.jpg\"\n               data-image-id=\"833\"\n               data-title=\"SvNedelja2\"\n               data-description=\"\"\n               data-image-slug=\"svnedelja2\"\n               class=\"ngg-simplelightbox\" rel=\"02f0d425ec5860cddb5d71d678cd2c92\">\n                <img\n                    title=\"SvNedelja2\"\n                    alt=\"SvNedelja2\"\n                    src=\"https:\/\/pdnikolatesla.org\/home\/wp-content\/gallery\/svetonedeljski-bregi-23-1-2022\/thumbs\/thumbs_SvNedelja2.jpg\"\n                    width=\"240\"\n                    height=\"160\"\n                    style=\"max-width:100%;\"\n                \/>\n            <\/a>\n        <\/div>\n\t\t\t\t\t\t\t<\/div> \n\t\t\t\n\t\t\t\t<div id=\"ngg-image-2\" class=\"ngg-gallery-thumbnail-box \" >\n\t\t\t\t        <div class=\"ngg-gallery-thumbnail\">\n            <a href=\"https:\/\/pdnikolatesla.org\/home\/wp-content\/gallery\/svetonedeljski-bregi-23-1-2022\/SvNedelja3.jpg\"\n               title=\"\"\n               data-src=\"https:\/\/pdnikolatesla.org\/home\/wp-content\/gallery\/svetonedeljski-bregi-23-1-2022\/SvNedelja3.jpg\"\n               data-thumbnail=\"https:\/\/pdnikolatesla.org\/home\/wp-content\/gallery\/svetonedeljski-bregi-23-1-2022\/thumbs\/thumbs_SvNedelja3.jpg\"\n               data-image-id=\"834\"\n               data-title=\"SvNedelja3\"\n               data-description=\"\"\n               data-image-slug=\"svnedelja3\"\n               class=\"ngg-simplelightbox\" rel=\"02f0d425ec5860cddb5d71d678cd2c92\">\n                <img\n                    title=\"SvNedelja3\"\n                    alt=\"SvNedelja3\"\n                    src=\"https:\/\/pdnikolatesla.org\/home\/wp-content\/gallery\/svetonedeljski-bregi-23-1-2022\/thumbs\/thumbs_SvNedelja3.jpg\"\n                    width=\"240\"\n                    height=\"160\"\n                    style=\"max-width:100%;\"\n                \/>\n            <\/a>\n        <\/div>\n\t\t\t\t\t\t\t<\/div> \n\t\t\t\n\t\t\t\t<div id=\"ngg-image-3\" class=\"ngg-gallery-thumbnail-box \" >\n\t\t\t\t        <div class=\"ngg-gallery-thumbnail\">\n            <a href=\"https:\/\/pdnikolatesla.org\/home\/wp-content\/gallery\/svetonedeljski-bregi-23-1-2022\/SvNedelja4.jpg\"\n               title=\"\"\n               data-src=\"https:\/\/pdnikolatesla.org\/home\/wp-content\/gallery\/svetonedeljski-bregi-23-1-2022\/SvNedelja4.jpg\"\n               data-thumbnail=\"https:\/\/pdnikolatesla.org\/home\/wp-content\/gallery\/svetonedeljski-bregi-23-1-2022\/thumbs\/thumbs_SvNedelja4.jpg\"\n               data-image-id=\"835\"\n               data-title=\"SvNedelja4\"\n               data-description=\"\"\n               data-image-slug=\"svnedelja4\"\n               class=\"ngg-simplelightbox\" rel=\"02f0d425ec5860cddb5d71d678cd2c92\">\n                <img\n                    title=\"SvNedelja4\"\n                    alt=\"SvNedelja4\"\n                    src=\"https:\/\/pdnikolatesla.org\/home\/wp-content\/gallery\/svetonedeljski-bregi-23-1-2022\/thumbs\/thumbs_SvNedelja4.jpg\"\n                    width=\"240\"\n                    height=\"160\"\n                    style=\"max-width:100%;\"\n                \/>\n            <\/a>\n        <\/div>\n\t\t\t\t\t\t\t<\/div> \n\t\t\t\n\t\t\t\t<div id=\"ngg-image-4\" class=\"ngg-gallery-thumbnail-box \" >\n\t\t\t\t        <div class=\"ngg-gallery-thumbnail\">\n            <a href=\"https:\/\/pdnikolatesla.org\/home\/wp-content\/gallery\/svetonedeljski-bregi-23-1-2022\/SvNedelja5.jpg\"\n               title=\"\"\n               data-src=\"https:\/\/pdnikolatesla.org\/home\/wp-content\/gallery\/svetonedeljski-bregi-23-1-2022\/SvNedelja5.jpg\"\n               data-thumbnail=\"https:\/\/pdnikolatesla.org\/home\/wp-content\/gallery\/svetonedeljski-bregi-23-1-2022\/thumbs\/thumbs_SvNedelja5.jpg\"\n               data-image-id=\"836\"\n               data-title=\"SvNedelja5\"\n               data-description=\"\"\n               data-image-slug=\"svnedelja5\"\n               class=\"ngg-simplelightbox\" rel=\"02f0d425ec5860cddb5d71d678cd2c92\">\n                <img\n                    title=\"SvNedelja5\"\n                    alt=\"SvNedelja5\"\n                    src=\"https:\/\/pdnikolatesla.org\/home\/wp-content\/gallery\/svetonedeljski-bregi-23-1-2022\/thumbs\/thumbs_SvNedelja5.jpg\"\n                    width=\"240\"\n                    height=\"160\"\n                    style=\"max-width:100%;\"\n                \/>\n            <\/a>\n        <\/div>\n\t\t\t\t\t\t\t<\/div> \n\t\t\t\n\t\t\t\t<div id=\"ngg-image-5\" class=\"ngg-gallery-thumbnail-box \" >\n\t\t\t\t        <div class=\"ngg-gallery-thumbnail\">\n            <a href=\"https:\/\/pdnikolatesla.org\/home\/wp-content\/gallery\/svetonedeljski-bregi-23-1-2022\/SvNedelja6.jpg\"\n               title=\"\"\n               data-src=\"https:\/\/pdnikolatesla.org\/home\/wp-content\/gallery\/svetonedeljski-bregi-23-1-2022\/SvNedelja6.jpg\"\n               data-thumbnail=\"https:\/\/pdnikolatesla.org\/home\/wp-content\/gallery\/svetonedeljski-bregi-23-1-2022\/thumbs\/thumbs_SvNedelja6.jpg\"\n               data-image-id=\"837\"\n               data-title=\"SvNedelja6\"\n               data-description=\"\"\n               data-image-slug=\"svnedelja6\"\n               class=\"ngg-simplelightbox\" rel=\"02f0d425ec5860cddb5d71d678cd2c92\">\n                <img\n                    title=\"SvNedelja6\"\n                    alt=\"SvNedelja6\"\n                    src=\"https:\/\/pdnikolatesla.org\/home\/wp-content\/gallery\/svetonedeljski-bregi-23-1-2022\/thumbs\/thumbs_SvNedelja6.jpg\"\n                    width=\"240\"\n                    height=\"160\"\n                    style=\"max-width:100%;\"\n                \/>\n            <\/a>\n        <\/div>\n\t\t\t\t\t\t\t<\/div> \n\t\t\t\n\t\t\t\t<div id=\"ngg-image-6\" class=\"ngg-gallery-thumbnail-box \" >\n\t\t\t\t        <div class=\"ngg-gallery-thumbnail\">\n            <a href=\"https:\/\/pdnikolatesla.org\/home\/wp-content\/gallery\/svetonedeljski-bregi-23-1-2022\/SvNedelja7.jpg\"\n               title=\"\"\n               data-src=\"https:\/\/pdnikolatesla.org\/home\/wp-content\/gallery\/svetonedeljski-bregi-23-1-2022\/SvNedelja7.jpg\"\n               data-thumbnail=\"https:\/\/pdnikolatesla.org\/home\/wp-content\/gallery\/svetonedeljski-bregi-23-1-2022\/thumbs\/thumbs_SvNedelja7.jpg\"\n               data-image-id=\"838\"\n               data-title=\"SvNedelja7\"\n               data-description=\"\"\n               data-image-slug=\"svnedelja7\"\n               class=\"ngg-simplelightbox\" rel=\"02f0d425ec5860cddb5d71d678cd2c92\">\n                <img\n                    title=\"SvNedelja7\"\n                    alt=\"SvNedelja7\"\n                    src=\"https:\/\/pdnikolatesla.org\/home\/wp-content\/gallery\/svetonedeljski-bregi-23-1-2022\/thumbs\/thumbs_SvNedelja7.jpg\"\n                    width=\"240\"\n                    height=\"160\"\n                    style=\"max-width:100%;\"\n                \/>\n            <\/a>\n        <\/div>\n\t\t\t\t\t\t\t<\/div> \n\t\t\t\n\t\n\t<br style=\"clear: both\" \/>\n\n\t\n\t\t<!-- Pagination -->\n\t<div class='ngg-clear'><\/div>\t<\/div>\n\n","protected":false},"excerpt":{"rendered":"<p>Odhodana je kru\u017ena staza po Svetonedeljskom Bregu, s po\u010detkom i zavr\u0161etkom petosatnog hodanja u Svetoj Nedelji. Odli\u010dno ozna\u010dena staza omogu\u0107ila nam je ugodnu hodnju uz puno dru\u017eenja i zabave bez obzira na prohladno i obla\u010dno vrijeme. \u010cestitke planinarima PD &#8220;Pinklec&#8221; iz Svete Nedelje na odr\u017eavanju staze. Obi\u0161li smo crkvu Svete Magdalene, Stublov zdenac i Molvi\u010dku&#8230;<\/p>\n<p class=\"more-link-wrap\"><a class=\"more-link\" href=\"https:\/\/pdnikolatesla.org\/home\/2022\/01\/28\/svetonedeljski-breg-23-01-2022-3-drustveni-izlet\/\">Read More<\/a><\/p>\n","protected":false},"author":1,"featured_media":1734,"comment_status":"open","ping_status":"open","sticky":false,"template":"","format":"standard","meta":{"ngg_post_thumbnail":0},"categories":[1],"tags":[],"_links":{"self":[{"href":"https:\/\/pdnikolatesla.org\/home\/wp-json\/wp\/v2\/posts\/1723"}],"collection":[{"href":"https:\/\/pdnikolatesla.org\/home\/wp-json\/wp\/v2\/posts"}],"about":[{"href":"https:\/\/pdnikolatesla.org\/home\/wp-json\/wp\/v2\/types\/post"}],"author":[{"embeddable":true,"href":"https:\/\/pdnikolatesla.org\/home\/wp-json\/wp\/v2\/users\/1"}],"replies":[{"embeddable":true,"href":"https:\/\/pdnikolatesla.org\/home\/wp-json\/wp\/v2\/comments?post=1723"}],"version-history":[{"count":1,"href":"https:\/\/pdnikolatesla.org\/home\/wp-json\/wp\/v2\/posts\/1723\/revisions"}],"predecessor-version":[{"id":1733,"href":"https:\/\/pdnikolatesla.org\/home\/wp-json\/wp\/v2\/posts\/1723\/revisions\/1733"}],"wp:featuredmedia":[{"embeddable":true,"href":"https:\/\/pdnikolatesla.org\/home\/wp-json\/wp\/v2\/media\/1734"}],"wp:attachment":[{"href":"https:\/\/pdnikolatesla.org\/home\/wp-json\/wp\/v2\/media?parent=1723"}],"wp:term":[{"taxonomy":"category","embeddable":true,"href":"https:\/\/pdnikolatesla.org\/home\/wp-json\/wp\/v2\/categories?post=1723"},{"taxonomy":"post_tag","embeddable":true,"href":"https:\/\/pdnikolatesla.org\/home\/wp-json\/wp\/v2\/tags?post=1723"}],"curies":[{"name":"wp","href":"https:\/\/api.w.org\/{rel}","templated":true}]}}