{"id":1756,"date":"2022-02-07T23:14:35","date_gmt":"2022-02-07T23:14:35","guid":{"rendered":"https:\/\/pdnikolatesla.org\/home\/?p=1756"},"modified":"2022-02-07T23:21:01","modified_gmt":"2022-02-07T23:21:01","slug":"babin-zub-plesivica-samoborsko-gorje-06-02-2022","status":"publish","type":"post","link":"https:\/\/pdnikolatesla.org\/home\/2022\/02\/07\/babin-zub-plesivica-samoborsko-gorje-06-02-2022\/","title":{"rendered":"BABIN ZUB &#8211; PLE\u0160IVICA (Samoborsko gorje) 06.02.2022."},"content":{"rendered":"<p>Rude \u2013 Kotari \u2013 Babin zub \u2013 Vrh Ple\u0161ivice \u2013 Poljanice \u2013 Rude<\/p>\n<p>Sun\u010dano hladna nedjelja po\u010dastila je Tesla\u0161e posebno ugodnim okru\u017eenjem na Ple\u0161ivici do koje se trebalo popeti po\u010dev od ku\u0107e Starog \u2013 Miljenka u Rudama. Trasa je vodila preko kamenog Babinog zuba, i strmo gore-dole do vrha&nbsp; Ple\u0161ivice (779 m). Povratak preko Poljanica u Rude.<\/p>\n<p>Tura je trajala oko 4,3 sata hoda. &nbsp;<\/p>\n<!-- default-view.php -->\n<div\n\tclass=\"ngg-galleryoverview default-view \"\n\tid=\"ngg-gallery-06a015d7bf990120d7ccae3320b1df0d-1\">\n\n\t\t<!-- Thumbnails -->\n\t\t\t\t<div id=\"ngg-image-0\" class=\"ngg-gallery-thumbnail-box \" >\n\t\t\t\t        <div class=\"ngg-gallery-thumbnail\">\n            <a href=\"https:\/\/pdnikolatesla.org\/home\/wp-content\/gallery\/babin-zub-plesivica-samoborsko-gorje-06-02-2022\/Babin_zub3.jpg\"\n               title=\"\"\n               data-src=\"https:\/\/pdnikolatesla.org\/home\/wp-content\/gallery\/babin-zub-plesivica-samoborsko-gorje-06-02-2022\/Babin_zub3.jpg\"\n               data-thumbnail=\"https:\/\/pdnikolatesla.org\/home\/wp-content\/gallery\/babin-zub-plesivica-samoborsko-gorje-06-02-2022\/thumbs\/thumbs_Babin_zub3.jpg\"\n               data-image-id=\"853\"\n               data-title=\"Babin_zub3\"\n               data-description=\"\"\n               data-image-slug=\"babin_zub3\"\n               class=\"ngg-simplelightbox\" rel=\"06a015d7bf990120d7ccae3320b1df0d\">\n                <img\n                    title=\"Babin_zub3\"\n                    alt=\"Babin_zub3\"\n                    src=\"https:\/\/pdnikolatesla.org\/home\/wp-content\/gallery\/babin-zub-plesivica-samoborsko-gorje-06-02-2022\/thumbs\/thumbs_Babin_zub3.jpg\"\n                    width=\"240\"\n                    height=\"160\"\n                    style=\"max-width:100%;\"\n                \/>\n            <\/a>\n        <\/div>\n\t\t\t\t\t\t\t<\/div> \n\t\t\t\n\t\t\t\t<div id=\"ngg-image-1\" class=\"ngg-gallery-thumbnail-box \" >\n\t\t\t\t        <div class=\"ngg-gallery-thumbnail\">\n            <a href=\"https:\/\/pdnikolatesla.org\/home\/wp-content\/gallery\/babin-zub-plesivica-samoborsko-gorje-06-02-2022\/Babin_zub4.JPG\"\n               title=\"\"\n               data-src=\"https:\/\/pdnikolatesla.org\/home\/wp-content\/gallery\/babin-zub-plesivica-samoborsko-gorje-06-02-2022\/Babin_zub4.JPG\"\n               data-thumbnail=\"https:\/\/pdnikolatesla.org\/home\/wp-content\/gallery\/babin-zub-plesivica-samoborsko-gorje-06-02-2022\/thumbs\/thumbs_Babin_zub4.JPG\"\n               data-image-id=\"854\"\n               data-title=\"Babin_zub4\"\n               data-description=\"\"\n               data-image-slug=\"babin_zub4\"\n               class=\"ngg-simplelightbox\" rel=\"06a015d7bf990120d7ccae3320b1df0d\">\n                <img\n                    title=\"Babin_zub4\"\n                    alt=\"Babin_zub4\"\n                    src=\"https:\/\/pdnikolatesla.org\/home\/wp-content\/gallery\/babin-zub-plesivica-samoborsko-gorje-06-02-2022\/thumbs\/thumbs_Babin_zub4.JPG\"\n                    width=\"240\"\n                    height=\"160\"\n                    style=\"max-width:100%;\"\n                \/>\n            <\/a>\n        <\/div>\n\t\t\t\t\t\t\t<\/div> \n\t\t\t\n\t\t\t\t<div id=\"ngg-image-2\" class=\"ngg-gallery-thumbnail-box \" >\n\t\t\t\t        <div class=\"ngg-gallery-thumbnail\">\n            <a href=\"https:\/\/pdnikolatesla.org\/home\/wp-content\/gallery\/babin-zub-plesivica-samoborsko-gorje-06-02-2022\/Babin_zub5.jpg\"\n               title=\"\"\n               data-src=\"https:\/\/pdnikolatesla.org\/home\/wp-content\/gallery\/babin-zub-plesivica-samoborsko-gorje-06-02-2022\/Babin_zub5.jpg\"\n               data-thumbnail=\"https:\/\/pdnikolatesla.org\/home\/wp-content\/gallery\/babin-zub-plesivica-samoborsko-gorje-06-02-2022\/thumbs\/thumbs_Babin_zub5.jpg\"\n               data-image-id=\"855\"\n               data-title=\"Babin_zub5\"\n               data-description=\"\"\n               data-image-slug=\"babin_zub5\"\n               class=\"ngg-simplelightbox\" rel=\"06a015d7bf990120d7ccae3320b1df0d\">\n                <img\n                    title=\"Babin_zub5\"\n                    alt=\"Babin_zub5\"\n                    src=\"https:\/\/pdnikolatesla.org\/home\/wp-content\/gallery\/babin-zub-plesivica-samoborsko-gorje-06-02-2022\/thumbs\/thumbs_Babin_zub5.jpg\"\n                    width=\"240\"\n                    height=\"160\"\n                    style=\"max-width:100%;\"\n                \/>\n            <\/a>\n        <\/div>\n\t\t\t\t\t\t\t<\/div> \n\t\t\t\n\t\t\t\t<div id=\"ngg-image-3\" class=\"ngg-gallery-thumbnail-box \" >\n\t\t\t\t        <div class=\"ngg-gallery-thumbnail\">\n            <a href=\"https:\/\/pdnikolatesla.org\/home\/wp-content\/gallery\/babin-zub-plesivica-samoborsko-gorje-06-02-2022\/Babin_zub7.jpg\"\n               title=\"\"\n               data-src=\"https:\/\/pdnikolatesla.org\/home\/wp-content\/gallery\/babin-zub-plesivica-samoborsko-gorje-06-02-2022\/Babin_zub7.jpg\"\n               data-thumbnail=\"https:\/\/pdnikolatesla.org\/home\/wp-content\/gallery\/babin-zub-plesivica-samoborsko-gorje-06-02-2022\/thumbs\/thumbs_Babin_zub7.jpg\"\n               data-image-id=\"856\"\n               data-title=\"Babin_zub7\"\n               data-description=\"\"\n               data-image-slug=\"babin_zub7\"\n               class=\"ngg-simplelightbox\" rel=\"06a015d7bf990120d7ccae3320b1df0d\">\n                <img\n                    title=\"Babin_zub7\"\n                    alt=\"Babin_zub7\"\n                    src=\"https:\/\/pdnikolatesla.org\/home\/wp-content\/gallery\/babin-zub-plesivica-samoborsko-gorje-06-02-2022\/thumbs\/thumbs_Babin_zub7.jpg\"\n                    width=\"240\"\n                    height=\"160\"\n                    style=\"max-width:100%;\"\n                \/>\n            <\/a>\n        <\/div>\n\t\t\t\t\t\t\t<\/div> \n\t\t\t\n\t\t\t\t<div id=\"ngg-image-4\" class=\"ngg-gallery-thumbnail-box \" >\n\t\t\t\t        <div class=\"ngg-gallery-thumbnail\">\n            <a href=\"https:\/\/pdnikolatesla.org\/home\/wp-content\/gallery\/babin-zub-plesivica-samoborsko-gorje-06-02-2022\/Babin_zub8.jpg\"\n               title=\"\"\n               data-src=\"https:\/\/pdnikolatesla.org\/home\/wp-content\/gallery\/babin-zub-plesivica-samoborsko-gorje-06-02-2022\/Babin_zub8.jpg\"\n               data-thumbnail=\"https:\/\/pdnikolatesla.org\/home\/wp-content\/gallery\/babin-zub-plesivica-samoborsko-gorje-06-02-2022\/thumbs\/thumbs_Babin_zub8.jpg\"\n               data-image-id=\"857\"\n               data-title=\"Babin_zub8\"\n               data-description=\"\"\n               data-image-slug=\"babin_zub8\"\n               class=\"ngg-simplelightbox\" rel=\"06a015d7bf990120d7ccae3320b1df0d\">\n                <img\n                    title=\"Babin_zub8\"\n                    alt=\"Babin_zub8\"\n                    src=\"https:\/\/pdnikolatesla.org\/home\/wp-content\/gallery\/babin-zub-plesivica-samoborsko-gorje-06-02-2022\/thumbs\/thumbs_Babin_zub8.jpg\"\n                    width=\"240\"\n                    height=\"160\"\n                    style=\"max-width:100%;\"\n                \/>\n            <\/a>\n        <\/div>\n\t\t\t\t\t\t\t<\/div> \n\t\t\t\n\t\t\t\t<div id=\"ngg-image-5\" class=\"ngg-gallery-thumbnail-box \" >\n\t\t\t\t        <div class=\"ngg-gallery-thumbnail\">\n            <a href=\"https:\/\/pdnikolatesla.org\/home\/wp-content\/gallery\/babin-zub-plesivica-samoborsko-gorje-06-02-2022\/Babin_zub9.jpg\"\n               title=\"\"\n               data-src=\"https:\/\/pdnikolatesla.org\/home\/wp-content\/gallery\/babin-zub-plesivica-samoborsko-gorje-06-02-2022\/Babin_zub9.jpg\"\n               data-thumbnail=\"https:\/\/pdnikolatesla.org\/home\/wp-content\/gallery\/babin-zub-plesivica-samoborsko-gorje-06-02-2022\/thumbs\/thumbs_Babin_zub9.jpg\"\n               data-image-id=\"858\"\n               data-title=\"Babin_zub9\"\n               data-description=\"\"\n               data-image-slug=\"babin_zub9\"\n               class=\"ngg-simplelightbox\" rel=\"06a015d7bf990120d7ccae3320b1df0d\">\n                <img\n                    title=\"Babin_zub9\"\n                    alt=\"Babin_zub9\"\n                    src=\"https:\/\/pdnikolatesla.org\/home\/wp-content\/gallery\/babin-zub-plesivica-samoborsko-gorje-06-02-2022\/thumbs\/thumbs_Babin_zub9.jpg\"\n                    width=\"240\"\n                    height=\"160\"\n                    style=\"max-width:100%;\"\n                \/>\n            <\/a>\n        <\/div>\n\t\t\t\t\t\t\t<\/div> \n\t\t\t\n\t\t\t\t<div id=\"ngg-image-6\" class=\"ngg-gallery-thumbnail-box \" >\n\t\t\t\t        <div class=\"ngg-gallery-thumbnail\">\n            <a href=\"https:\/\/pdnikolatesla.org\/home\/wp-content\/gallery\/babin-zub-plesivica-samoborsko-gorje-06-02-2022\/Babin_zub15.jpg\"\n               title=\"\"\n               data-src=\"https:\/\/pdnikolatesla.org\/home\/wp-content\/gallery\/babin-zub-plesivica-samoborsko-gorje-06-02-2022\/Babin_zub15.jpg\"\n               data-thumbnail=\"https:\/\/pdnikolatesla.org\/home\/wp-content\/gallery\/babin-zub-plesivica-samoborsko-gorje-06-02-2022\/thumbs\/thumbs_Babin_zub15.jpg\"\n               data-image-id=\"859\"\n               data-title=\"Babin_zub15\"\n               data-description=\"\"\n               data-image-slug=\"babin_zub15\"\n               class=\"ngg-simplelightbox\" rel=\"06a015d7bf990120d7ccae3320b1df0d\">\n                <img\n                    title=\"Babin_zub15\"\n                    alt=\"Babin_zub15\"\n                    src=\"https:\/\/pdnikolatesla.org\/home\/wp-content\/gallery\/babin-zub-plesivica-samoborsko-gorje-06-02-2022\/thumbs\/thumbs_Babin_zub15.jpg\"\n                    width=\"240\"\n                    height=\"160\"\n                    style=\"max-width:100%;\"\n                \/>\n            <\/a>\n        <\/div>\n\t\t\t\t\t\t\t<\/div> \n\t\t\t\n\t\t\t\t<div id=\"ngg-image-7\" class=\"ngg-gallery-thumbnail-box \" >\n\t\t\t\t        <div class=\"ngg-gallery-thumbnail\">\n            <a href=\"https:\/\/pdnikolatesla.org\/home\/wp-content\/gallery\/babin-zub-plesivica-samoborsko-gorje-06-02-2022\/Babin_zub16.jpg\"\n               title=\"\"\n               data-src=\"https:\/\/pdnikolatesla.org\/home\/wp-content\/gallery\/babin-zub-plesivica-samoborsko-gorje-06-02-2022\/Babin_zub16.jpg\"\n               data-thumbnail=\"https:\/\/pdnikolatesla.org\/home\/wp-content\/gallery\/babin-zub-plesivica-samoborsko-gorje-06-02-2022\/thumbs\/thumbs_Babin_zub16.jpg\"\n               data-image-id=\"860\"\n               data-title=\"Babin_zub16\"\n               data-description=\"\"\n               data-image-slug=\"babin_zub16\"\n               class=\"ngg-simplelightbox\" rel=\"06a015d7bf990120d7ccae3320b1df0d\">\n                <img\n                    title=\"Babin_zub16\"\n                    alt=\"Babin_zub16\"\n                    src=\"https:\/\/pdnikolatesla.org\/home\/wp-content\/gallery\/babin-zub-plesivica-samoborsko-gorje-06-02-2022\/thumbs\/thumbs_Babin_zub16.jpg\"\n                    width=\"240\"\n                    height=\"160\"\n                    style=\"max-width:100%;\"\n                \/>\n            <\/a>\n        <\/div>\n\t\t\t\t\t\t\t<\/div> \n\t\t\t\n\t\t\t\t<div id=\"ngg-image-8\" class=\"ngg-gallery-thumbnail-box \" >\n\t\t\t\t        <div class=\"ngg-gallery-thumbnail\">\n            <a href=\"https:\/\/pdnikolatesla.org\/home\/wp-content\/gallery\/babin-zub-plesivica-samoborsko-gorje-06-02-2022\/Babin_zub23.jpg\"\n               title=\"\"\n               data-src=\"https:\/\/pdnikolatesla.org\/home\/wp-content\/gallery\/babin-zub-plesivica-samoborsko-gorje-06-02-2022\/Babin_zub23.jpg\"\n               data-thumbnail=\"https:\/\/pdnikolatesla.org\/home\/wp-content\/gallery\/babin-zub-plesivica-samoborsko-gorje-06-02-2022\/thumbs\/thumbs_Babin_zub23.jpg\"\n               data-image-id=\"861\"\n               data-title=\"Babin_zub23\"\n               data-description=\"\"\n               data-image-slug=\"babin_zub23\"\n               class=\"ngg-simplelightbox\" rel=\"06a015d7bf990120d7ccae3320b1df0d\">\n                <img\n                    title=\"Babin_zub23\"\n                    alt=\"Babin_zub23\"\n                    src=\"https:\/\/pdnikolatesla.org\/home\/wp-content\/gallery\/babin-zub-plesivica-samoborsko-gorje-06-02-2022\/thumbs\/thumbs_Babin_zub23.jpg\"\n                    width=\"240\"\n                    height=\"160\"\n                    style=\"max-width:100%;\"\n                \/>\n            <\/a>\n        <\/div>\n\t\t\t\t\t\t\t<\/div> \n\t\t\t\n\t\t\t\t<div id=\"ngg-image-9\" class=\"ngg-gallery-thumbnail-box \" >\n\t\t\t\t        <div class=\"ngg-gallery-thumbnail\">\n            <a href=\"https:\/\/pdnikolatesla.org\/home\/wp-content\/gallery\/babin-zub-plesivica-samoborsko-gorje-06-02-2022\/Babin_zub24.jpg\"\n               title=\"\"\n               data-src=\"https:\/\/pdnikolatesla.org\/home\/wp-content\/gallery\/babin-zub-plesivica-samoborsko-gorje-06-02-2022\/Babin_zub24.jpg\"\n               data-thumbnail=\"https:\/\/pdnikolatesla.org\/home\/wp-content\/gallery\/babin-zub-plesivica-samoborsko-gorje-06-02-2022\/thumbs\/thumbs_Babin_zub24.jpg\"\n               data-image-id=\"862\"\n               data-title=\"Babin_zub24\"\n               data-description=\"\"\n               data-image-slug=\"babin_zub24\"\n               class=\"ngg-simplelightbox\" rel=\"06a015d7bf990120d7ccae3320b1df0d\">\n                <img\n                    title=\"Babin_zub24\"\n                    alt=\"Babin_zub24\"\n                    src=\"https:\/\/pdnikolatesla.org\/home\/wp-content\/gallery\/babin-zub-plesivica-samoborsko-gorje-06-02-2022\/thumbs\/thumbs_Babin_zub24.jpg\"\n                    width=\"240\"\n                    height=\"160\"\n                    style=\"max-width:100%;\"\n                \/>\n            <\/a>\n        <\/div>\n\t\t\t\t\t\t\t<\/div> \n\t\t\t\n\t\t\t\t<div id=\"ngg-image-10\" class=\"ngg-gallery-thumbnail-box \" >\n\t\t\t\t        <div class=\"ngg-gallery-thumbnail\">\n            <a href=\"https:\/\/pdnikolatesla.org\/home\/wp-content\/gallery\/babin-zub-plesivica-samoborsko-gorje-06-02-2022\/Babin_zub25.jpg\"\n               title=\"\"\n               data-src=\"https:\/\/pdnikolatesla.org\/home\/wp-content\/gallery\/babin-zub-plesivica-samoborsko-gorje-06-02-2022\/Babin_zub25.jpg\"\n               data-thumbnail=\"https:\/\/pdnikolatesla.org\/home\/wp-content\/gallery\/babin-zub-plesivica-samoborsko-gorje-06-02-2022\/thumbs\/thumbs_Babin_zub25.jpg\"\n               data-image-id=\"863\"\n               data-title=\"Babin_zub25\"\n               data-description=\"\"\n               data-image-slug=\"babin_zub25\"\n               class=\"ngg-simplelightbox\" rel=\"06a015d7bf990120d7ccae3320b1df0d\">\n                <img\n                    title=\"Babin_zub25\"\n                    alt=\"Babin_zub25\"\n                    src=\"https:\/\/pdnikolatesla.org\/home\/wp-content\/gallery\/babin-zub-plesivica-samoborsko-gorje-06-02-2022\/thumbs\/thumbs_Babin_zub25.jpg\"\n                    width=\"240\"\n                    height=\"160\"\n                    style=\"max-width:100%;\"\n                \/>\n            <\/a>\n        <\/div>\n\t\t\t\t\t\t\t<\/div> \n\t\t\t\n\t\t\t\t<div id=\"ngg-image-11\" class=\"ngg-gallery-thumbnail-box \" >\n\t\t\t\t        <div class=\"ngg-gallery-thumbnail\">\n            <a href=\"https:\/\/pdnikolatesla.org\/home\/wp-content\/gallery\/babin-zub-plesivica-samoborsko-gorje-06-02-2022\/Babin_zub27.jpg\"\n               title=\"\"\n               data-src=\"https:\/\/pdnikolatesla.org\/home\/wp-content\/gallery\/babin-zub-plesivica-samoborsko-gorje-06-02-2022\/Babin_zub27.jpg\"\n               data-thumbnail=\"https:\/\/pdnikolatesla.org\/home\/wp-content\/gallery\/babin-zub-plesivica-samoborsko-gorje-06-02-2022\/thumbs\/thumbs_Babin_zub27.jpg\"\n               data-image-id=\"864\"\n               data-title=\"Babin_zub27\"\n               data-description=\"\"\n               data-image-slug=\"babin_zub27\"\n               class=\"ngg-simplelightbox\" rel=\"06a015d7bf990120d7ccae3320b1df0d\">\n                <img\n                    title=\"Babin_zub27\"\n                    alt=\"Babin_zub27\"\n                    src=\"https:\/\/pdnikolatesla.org\/home\/wp-content\/gallery\/babin-zub-plesivica-samoborsko-gorje-06-02-2022\/thumbs\/thumbs_Babin_zub27.jpg\"\n                    width=\"240\"\n                    height=\"160\"\n                    style=\"max-width:100%;\"\n                \/>\n            <\/a>\n        <\/div>\n\t\t\t\t\t\t\t<\/div> \n\t\t\t\n\t\t\t\t<div id=\"ngg-image-12\" class=\"ngg-gallery-thumbnail-box \" >\n\t\t\t\t        <div class=\"ngg-gallery-thumbnail\">\n            <a href=\"https:\/\/pdnikolatesla.org\/home\/wp-content\/gallery\/babin-zub-plesivica-samoborsko-gorje-06-02-2022\/IMG_2098.JPG\"\n               title=\"\"\n               data-src=\"https:\/\/pdnikolatesla.org\/home\/wp-content\/gallery\/babin-zub-plesivica-samoborsko-gorje-06-02-2022\/IMG_2098.JPG\"\n               data-thumbnail=\"https:\/\/pdnikolatesla.org\/home\/wp-content\/gallery\/babin-zub-plesivica-samoborsko-gorje-06-02-2022\/thumbs\/thumbs_IMG_2098.JPG\"\n               data-image-id=\"865\"\n               data-title=\"IMG_2098\"\n               data-description=\"\"\n               data-image-slug=\"img_2098\"\n               class=\"ngg-simplelightbox\" rel=\"06a015d7bf990120d7ccae3320b1df0d\">\n                <img\n                    title=\"IMG_2098\"\n                    alt=\"IMG_2098\"\n                    src=\"https:\/\/pdnikolatesla.org\/home\/wp-content\/gallery\/babin-zub-plesivica-samoborsko-gorje-06-02-2022\/thumbs\/thumbs_IMG_2098.JPG\"\n                    width=\"240\"\n                    height=\"160\"\n                    style=\"max-width:100%;\"\n                \/>\n            <\/a>\n        <\/div>\n\t\t\t\t\t\t\t<\/div> \n\t\t\t\n\t\n\t<br style=\"clear: both\" \/>\n\n\t\n\t\t<!-- Pagination -->\n\t<div class='ngg-clear'><\/div>\t<\/div>\n\n","protected":false},"excerpt":{"rendered":"<p>Rude \u2013 Kotari \u2013 Babin zub \u2013 Vrh Ple\u0161ivice \u2013 Poljanice \u2013 Rude Sun\u010dano hladna nedjelja po\u010dastila je Tesla\u0161e posebno ugodnim okru\u017eenjem na Ple\u0161ivici do koje se trebalo popeti po\u010dev od ku\u0107e Starog \u2013 Miljenka u Rudama. Trasa je vodila preko kamenog Babinog zuba, i strmo gore-dole do vrha&nbsp; Ple\u0161ivice (779 m). Povratak preko Poljanica&#8230;<\/p>\n<p class=\"more-link-wrap\"><a class=\"more-link\" href=\"https:\/\/pdnikolatesla.org\/home\/2022\/02\/07\/babin-zub-plesivica-samoborsko-gorje-06-02-2022\/\">Read More<\/a><\/p>\n","protected":false},"author":1,"featured_media":1773,"comment_status":"open","ping_status":"open","sticky":false,"template":"","format":"standard","meta":{"ngg_post_thumbnail":0},"categories":[1],"tags":[],"_links":{"self":[{"href":"https:\/\/pdnikolatesla.org\/home\/wp-json\/wp\/v2\/posts\/1756"}],"collection":[{"href":"https:\/\/pdnikolatesla.org\/home\/wp-json\/wp\/v2\/posts"}],"about":[{"href":"https:\/\/pdnikolatesla.org\/home\/wp-json\/wp\/v2\/types\/post"}],"author":[{"embeddable":true,"href":"https:\/\/pdnikolatesla.org\/home\/wp-json\/wp\/v2\/users\/1"}],"replies":[{"embeddable":true,"href":"https:\/\/pdnikolatesla.org\/home\/wp-json\/wp\/v2\/comments?post=1756"}],"version-history":[{"count":3,"href":"https:\/\/pdnikolatesla.org\/home\/wp-json\/wp\/v2\/posts\/1756\/revisions"}],"predecessor-version":[{"id":1774,"href":"https:\/\/pdnikolatesla.org\/home\/wp-json\/wp\/v2\/posts\/1756\/revisions\/1774"}],"wp:featuredmedia":[{"embeddable":true,"href":"https:\/\/pdnikolatesla.org\/home\/wp-json\/wp\/v2\/media\/1773"}],"wp:attachment":[{"href":"https:\/\/pdnikolatesla.org\/home\/wp-json\/wp\/v2\/media?parent=1756"}],"wp:term":[{"taxonomy":"category","embeddable":true,"href":"https:\/\/pdnikolatesla.org\/home\/wp-json\/wp\/v2\/categories?post=1756"},{"taxonomy":"post_tag","embeddable":true,"href":"https:\/\/pdnikolatesla.org\/home\/wp-json\/wp\/v2\/tags?post=1756"}],"curies":[{"name":"wp","href":"https:\/\/api.w.org\/{rel}","templated":true}]}}